{"id":11052,"date":"2025-11-18T13:59:42","date_gmt":"2025-11-18T12:59:42","guid":{"rendered":"https:\/\/www.unterkantiolerhof.com\/linverno-nelle-dolomiti\/"},"modified":"2025-11-18T14:10:15","modified_gmt":"2025-11-18T13:10:15","slug":"esperienza-invernale-nelle-dolomiti","status":"publish","type":"post","link":"https:\/\/www.unterkantiolerhof.com\/it\/esperienza-invernale-nelle-dolomiti\/","title":{"rendered":"Esperienza invernale nelle Dolomiti"},"content":{"rendered":"<p>L\u2019inverno in Alto Adige ha un ritmo tutto suo: aria limpida di montagna, boschi innevati, luci calde e il profumo di cannella e vin brul\u00e8. Chi trascorre l\u2019Avvento da noi all\u2019Unterkantiolerhof vive questo periodo speciale da vicino \u2013 in modo autentico, tranquillo e lontano dalle citt\u00e0 affollate.<\/p>\n<p>L\u2019Alto Adige \u00e8 conosciuto per i suoi suggestivi mercatini di Natale, presenti in tanti paesi della regione. Non \u00e8 necessario visitarli tutti per sentirne la magia: ogni mercatino racconta una storia diversa \u2013 a volte romantico e raccolto, a volte vivace e ricco di specialit\u00e0 locali. Ci\u00f2 che li accomuna \u00e8 l\u2019artigianato autentico, le bevande calde, le luci scintillanti e un\u2019atmosfera che si pu\u00f2 trovare solo qui, nel cuore delle Dolomiti.<\/p>\n<p>\u2e3b<\/p>\n<p>La vostra esperienza invernale nelle Dolomiti<\/p>\n<p>Chi desidera vivere l\u2019Avvento in Alto Adige trova all\u2019Unterkantiolerhof il punto di partenza ideale. I mercatini di Natale della zona, il paesaggio innevato e la quiete particolare della Val di Funes rendono questo periodo dell\u2019anno davvero unico.<\/p>\n<p>\ud83d\udc49 <a href=\"https:\/\/www.unterkantiolerhof.com\/it\/richiesta\/\">Richiedi ora una vacanza invernale<\/a><br \/>\n\ud83d\udc49 <a href=\"https:\/\/www.unterkantiolerhof.com\/it\/appartamenti\/\">Prenota il tuo appartamento preferito<\/a><\/p>\n","protected":false},"excerpt":{"rendered":"<p>L\u2019inverno in Alto Adige ha un ritmo tutto suo: aria limpida di montagna, boschi innevati, luci calde e il profumo di cannella e vin brul\u00e8. Chi trascorre l\u2019Avvento da noi all\u2019Unterkantiolerhof vive questo periodo speciale da vicino \u2013 in modo autentico, tranquillo e lontano dalle citt\u00e0 affollate. L\u2019Alto Adige \u00e8 conosciuto per i suoi suggestivi [&hellip;]<\/p>\n","protected":false},"author":1,"featured_media":10626,"comment_status":"closed","ping_status":"closed","sticky":false,"template":"","format":"standard","meta":{"_acf_changed":false,"footnotes":""},"categories":[23],"tags":[],"class_list":["post-11052","post","type-post","status-publish","format-standard","has-post-thumbnail","hentry","category-journal-it"],"acf":[],"_links":{"self":[{"href":"https:\/\/www.unterkantiolerhof.com\/it\/wp-json\/wp\/v2\/posts\/11052","targetHints":{"allow":["GET"]}}],"collection":[{"href":"https:\/\/www.unterkantiolerhof.com\/it\/wp-json\/wp\/v2\/posts"}],"about":[{"href":"https:\/\/www.unterkantiolerhof.com\/it\/wp-json\/wp\/v2\/types\/post"}],"author":[{"embeddable":true,"href":"https:\/\/www.unterkantiolerhof.com\/it\/wp-json\/wp\/v2\/users\/1"}],"replies":[{"embeddable":true,"href":"https:\/\/www.unterkantiolerhof.com\/it\/wp-json\/wp\/v2\/comments?post=11052"}],"version-history":[{"count":0,"href":"https:\/\/www.unterkantiolerhof.com\/it\/wp-json\/wp\/v2\/posts\/11052\/revisions"}],"wp:featuredmedia":[{"embeddable":true,"href":"https:\/\/www.unterkantiolerhof.com\/it\/wp-json\/wp\/v2\/media\/10626"}],"wp:attachment":[{"href":"https:\/\/www.unterkantiolerhof.com\/it\/wp-json\/wp\/v2\/media?parent=11052"}],"wp:term":[{"taxonomy":"category","embeddable":true,"href":"https:\/\/www.unterkantiolerhof.com\/it\/wp-json\/wp\/v2\/categories?post=11052"},{"taxonomy":"post_tag","embeddable":true,"href":"https:\/\/www.unterkantiolerhof.com\/it\/wp-json\/wp\/v2\/tags?post=11052"}],"curies":[{"name":"wp","href":"https:\/\/api.w.org\/{rel}","templated":true}]}}